{"id":452,"date":"2014-06-17T21:17:40","date_gmt":"2014-06-17T18:17:40","guid":{"rendered":"http:\/\/www.kulturasbiedriba.lv\/?p=452"},"modified":"2014-06-17T21:17:40","modified_gmt":"2014-06-17T18:17:40","slug":"5-julija-ikskile-notiks-daugavas-svetki","status":"publish","type":"post","link":"https:\/\/www.kulturasbiedriba.lv\/?p=452","title":{"rendered":"5. j\u016blij\u0101 Ik\u0161\u0137il\u0113 notiks Daugavas sv\u0113tki"},"content":{"rendered":"<p><a href=\"https:\/\/www.kulturasbiedriba.lv\/wp-content\/uploads\/2014\/06\/Afisa.jpg\"><img loading=\"lazy\" decoding=\"async\" class=\"alignleft size-full wp-image-453\" alt=\"Daugavas sv\u0113tku afi\u0161a\" src=\"https:\/\/www.kulturasbiedriba.lv\/wp-content\/uploads\/2014\/06\/Afisa.jpg\" width=\"673\" height=\"918\" srcset=\"https:\/\/www.kulturasbiedriba.lv\/wp-content\/uploads\/2014\/06\/Afisa.jpg 673w, https:\/\/www.kulturasbiedriba.lv\/wp-content\/uploads\/2014\/06\/Afisa-219x300.jpg 219w\" sizes=\"auto, (max-width: 673px) 100vw, 673px\" \/><\/a><\/p>\n<p align=\"center\"><b>\u201eDaugavas sv\u0113tki\u201d 2014 programma<\/b><\/p>\n<p><b>No 30. j\u016bnija l\u012bdz 5. j\u016blijam<\/b> Ik\u0161\u0137iles tautas nam\u0101 b\u016bs skat\u0101ma gleznu izst\u0101d\u0113 \u201eM\u0113s Daugavas krast\u0101\u201d, kur\u0101 b\u016bs redzami Ik\u0161\u0137iles un tuv\u0101ko novadu m\u0101kslinieku darbi.<\/p>\n<p><b>5. j\u016blij\u0101 no plkst. 11:00 l\u012bdz 13:00<\/b> paredz\u0113tas sportiskas, izgl\u012btojo\u0161as un izklaid\u0113jo\u0161as aktivit\u0101tes. \u0122imen\u0113m un b\u0113rniem tiks dota iesp\u0113ja piedal\u012bties konkurs\u0101 \u2013 stafet\u0113 \u201eDaugava lieliem un maziem\u201d. Aktivit\u0101tes norisin\u0101sies Daugavmal\u0101, posm\u0101 no peld\u0113tavas l\u012bdz jaunb\u016bvju kompleksam \u201eZa\u013c\u0101s salas\u201d. Stafete sast\u0101v\u0113s no vair\u0101kiem posmiem \u2013 viktor\u012bn\u0101m, z\u012bm\u0113\u0161anas, dzied\u0101\u0161anas un da\u017e\u0101d\u0101m aktivit\u0101t\u0113m.<\/p>\n<p><b>5. j\u016blij\u0101 plkst. 20:00<\/b> sv\u0113tku kulmin\u0101cij\u0101 Ik\u0161\u0137iles estr\u0101d\u0113 notiks koncertuzvedums \u201eDaugava \u2013 piest\u0101tn\u0113 J\u0101nis Peters\u201d. Uzvedums velt\u012bts J\u0101\u0146a Petera 75.\u00a0dzim\u0161anas dienai. Koncert\u0101 piedal\u0101s:<\/p>\n<p>Diri\u0123ents Ints Teterovskis un kopkoris, Nacion\u0101l\u0101 te\u0101tra izr\u0101des \u201eLatgola.lv\u201d aktieri \u2013 P\u0113teris Liepi\u0146\u0161, Dace Bon\u0101te, Voldem\u0101rs \u0160ori\u0146\u0161, Indra Burkovska, Anna Kl\u0113vere, Daiga Gaismi\u0146a, Evija Skulte, Gundars Grasbergs, Juris Hir\u0161s, Artis Drozdovs \u2013 k\u0101 ar\u012b komponists Valdis Zilveris. Koncertu papildin\u0101s ar\u012b jaunie\u0161u tautas deju kolekt\u012bvs \u201eSpole\u201d, vad\u012bt\u0101ja Gundega Sp\u016ble un vid\u0113j\u0101s paaudzes deju kolekt\u012bvs \u201eUpe\u201d, vad\u012bt\u0101js Didzis Aps\u012btis.<\/p>\n<p><b>P\u0113c koncerta<\/b> paredz\u0113ts Sv\u0113tku g\u0101jiens no br\u012bvdabas estr\u0101des uz Daugavmalu, kur notiks kora un tautas sadzied\u0101\u0161an\u0101s diri\u0123enta Inta Teterovska vad\u012bb\u0101.<\/p>\n<p>Inform\u0101ciju sagatavoja:<\/p>\n<p>Lelde S\u0101mite<\/p>\n<p>Biedr\u012bbas \u201eIk\u0161\u0137iles kult\u016bras biedr\u012bba\u201d vad\u012bt\u0101ja<\/p>\n<p>T\u0101lr. 26407782<\/p>\n<p>e-pasts: leldesamite@inbox.lv<\/p>\n<p>Vair\u0101k inform\u0101cijas: https:\/\/www.kulturasbiedriba.lv\/<\/p>\n<p>&nbsp;<\/p>\n<p>&nbsp;<\/p>\n<p>&nbsp;<\/p>\n<p>&nbsp;<\/p>\n<p>&nbsp;<\/p>\n<p>&nbsp;<\/p>\n","protected":false},"excerpt":{"rendered":"<p>\u201eDaugavas sv\u0113tki\u201d 2014 programma No 30. j\u016bnija l\u012bdz 5. j\u016blijam Ik\u0161\u0137iles tautas nam\u0101 b\u016bs skat\u0101ma gleznu izst\u0101d\u0113 \u201eM\u0113s Daugavas krast\u0101\u201d, kur\u0101 b\u016bs redzami Ik\u0161\u0137iles un tuv\u0101ko novadu m\u0101kslinieku darbi. 5. j\u016blij\u0101 no plkst. 11:00 l\u012bdz 13:00 paredz\u0113tas sportiskas, izgl\u012btojo\u0161as un&hellip;<\/p>\n<p class=\"more-link-p\"><a class=\"more-link\" href=\"https:\/\/www.kulturasbiedriba.lv\/?p=452\">Read more &rarr;<\/a><\/p>\n","protected":false},"author":1,"featured_media":0,"comment_status":"closed","ping_status":"closed","sticky":false,"template":"","format":"standard","meta":{"footnotes":""},"categories":[1],"tags":[],"class_list":["post-452","post","type-post","status-publish","format-standard","hentry","category-bez-kategorijas"],"_links":{"self":[{"href":"https:\/\/www.kulturasbiedriba.lv\/index.php?rest_route=\/wp\/v2\/posts\/452","targetHints":{"allow":["GET"]}}],"collection":[{"href":"https:\/\/www.kulturasbiedriba.lv\/index.php?rest_route=\/wp\/v2\/posts"}],"about":[{"href":"https:\/\/www.kulturasbiedriba.lv\/index.php?rest_route=\/wp\/v2\/types\/post"}],"author":[{"embeddable":true,"href":"https:\/\/www.kulturasbiedriba.lv\/index.php?rest_route=\/wp\/v2\/users\/1"}],"replies":[{"embeddable":true,"href":"https:\/\/www.kulturasbiedriba.lv\/index.php?rest_route=%2Fwp%2Fv2%2Fcomments&post=452"}],"version-history":[{"count":2,"href":"https:\/\/www.kulturasbiedriba.lv\/index.php?rest_route=\/wp\/v2\/posts\/452\/revisions"}],"predecessor-version":[{"id":455,"href":"https:\/\/www.kulturasbiedriba.lv\/index.php?rest_route=\/wp\/v2\/posts\/452\/revisions\/455"}],"wp:attachment":[{"href":"https:\/\/www.kulturasbiedriba.lv\/index.php?rest_route=%2Fwp%2Fv2%2Fmedia&parent=452"}],"wp:term":[{"taxonomy":"category","embeddable":true,"href":"https:\/\/www.kulturasbiedriba.lv\/index.php?rest_route=%2Fwp%2Fv2%2Fcategories&post=452"},{"taxonomy":"post_tag","embeddable":true,"href":"https:\/\/www.kulturasbiedriba.lv\/index.php?rest_route=%2Fwp%2Fv2%2Ftags&post=452"}],"curies":[{"name":"wp","href":"https:\/\/api.w.org\/{rel}","templated":true}]}}