{"id":449,"date":"2014-06-17T21:11:35","date_gmt":"2014-06-17T18:11:35","guid":{"rendered":"http:\/\/www.kulturasbiedriba.lv\/?p=449"},"modified":"2014-06-18T20:44:38","modified_gmt":"2014-06-18T17:44:38","slug":"daugavas-svetki-2014-ikskile","status":"publish","type":"post","link":"https:\/\/www.kulturasbiedriba.lv\/?p=449","title":{"rendered":"Daugavas sv\u0113tki 2014 Ik\u0161\u0137il\u0113"},"content":{"rendered":"<p><b>\u00a0<\/b><\/p>\n<p align=\"center\"><b>5.\u00a0 j\u016blij\u0101 Ik\u0161\u0137il\u0113 notiks tradicion\u0101lie \u201eDaugavas sv\u0113tki\u201d<\/b><\/p>\n<p>5. j\u016blij\u0101 Ik\u0161\u0137il\u0113 ar <b>diri\u0123enta<\/b> <b>Inta Teterovska<\/b> un Nacion\u0101l\u0101 te\u0101tra izr\u0101d\u0113 <b>\u201eLatgola.lv\u201d<\/b> sp\u0113l\u0113jo\u0161o aktieru piedal\u012b\u0161anos tiks atz\u012bm\u0113ti tradicion\u0101lie \u201eDaugavas sv\u0113tki\u201d. Ik\u0161\u0137iles kult\u016bras biedr\u012bbas organiz\u0113tais pas\u0101kums \u0161ogad tiks atz\u012bm\u0113ts ar v\u0113rien\u012bgu sv\u0113tku koncertu <b>\u201eDaugava \u2013 piest\u0101tn\u0113 J\u0101nis Peters\u201d<\/b>, gleznu izst\u0101di, sportisk\u0101m un izgl\u012btojo\u0161\u0101m aktivit\u0101t\u0113m, k\u0101 ar\u012b sv\u0113tku g\u0101jienu uz Daugavmalu.<\/p>\n<p>\u0145emot v\u0113r\u0101 politisko situ\u0101ciju pasaul\u0113, kura liek mums atkal atcer\u0113ties par neatkar\u012bbas un nacion\u0101l\u0101s identit\u0101tes noz\u012bm\u012bgumu, Daugavas sv\u0113tkos v\u0113lamies godin\u0101t m\u016bsu tautas izcilo dzejnieku, publicistu, sabiedrisko darbinieku \u2013 J\u0101ni Peteru. Dzejnieku, kura runa Latvijas Rado\u0161o savien\u012bbu pl\u0113num\u0101 1988.\u00a0gada 1., 2.\u00a0j\u016bnij\u0101 aizs\u0101ka Latvijas tautas atmodas kust\u012bbu, kas bija neatkar\u012bbas atjauno\u0161anas virz\u012bt\u0101jsp\u0113ks.<\/p>\n<p>\u0160ogad sv\u0113tku ietvaros jau no 30. j\u016bnija l\u012bdz pat 5. j\u016blijam Ik\u0161\u0137iles tautas nam\u0101 b\u016bs skat\u0101ma gleznu izst\u0101d\u0113 \u201eM\u0113s Daugavas krast\u0101\u201d un m\u0101kslinieka Valda Kapr\u0101\u013ca jubilejas izst\u0101de. Savuk\u0101rt 5. j\u016blij\u0101 no plkst. 11:00 l\u012bdz 13:00 pas\u0101kuma maz\u0101kajiem apmekl\u0113t\u0101jiem un \u0123imen\u0113m paredz\u0113tas da\u017e\u0101das sportiskas, izgl\u012btojo\u0161as un izklaid\u0113jo\u0161as aktivit\u0101tes stafet\u0113 \u201eDaugava lieliem un maziem\u201d. Stafete norisin\u0101sies Daugavmal\u0101, posm\u0101 no peld\u0113tavas l\u012bdz jaunb\u016bvju kompleksam \u201eZa\u013c\u0101s salas\u201d.<\/p>\n<p>5. j\u016blij\u0101 plkst. 20:00 ar koncertuzvedumu \u201eDaugava \u2013 piest\u0101tn\u0113 J\u0101nis Peters\u201d paredz\u0113ta sv\u0113tku kulmin\u0101cija. Uzvedum\u0101, kur\u0161 velt\u012bts J\u0101\u0146a Petera 75. dzim\u0161anas dienai pas\u0101kuma apmekl\u0113t\u0101jus priec\u0113s diri\u0123ents Ints Teterovskis ar 90 dzied\u0101t\u0101ju lielu kopkori, ar dziesm\u0101m pas\u0101kumu papildin\u0101s ar\u012b 10 Nacion\u0101l\u0101 te\u0101tra izr\u0101des \u201eLatgola.lv\u201d aktieri un komponists Valdis Zilveris. Koncerta apmekl\u0113t\u0101jus ar deju priek\u0161nesumiem priec\u0113s jaunie\u0161u tautas deju kolekt\u012bvs \u201eSpole\u201d un vid\u0113j\u0101s paaudzes deju kolekt\u012bvs \u201eUpe\u201d. P\u0113c koncerta paredz\u0113ts sv\u0113tku g\u0101jiens, posm\u0101 no br\u012bvdabas estr\u0101des uz Daugavmalu, kur notiks kora un tautas sadzied\u0101\u0161an\u0101s diri\u0123enta Inta Teterovska vad\u012bb\u0101.<\/p>\n<p>Daugavas sv\u0113tku trad\u012bcijas dibin\u0101t\u0101js ir gleznot\u0101js, scenogr\u0101fs profesors J\u0101nis Kuga, kura dz\u012bves un darb\u012bbas noz\u012bm\u012bgs posms saist\u012bts ar Ik\u0161\u0137ili un Daugavu. Daugavas sv\u0113tki notiku\u0161i 9 gadus p\u0113c k\u0101rtas pirm\u0101s Latvijas br\u012bvvalsts laik\u0101, un tikai Padomju varas okup\u0101cija un profesora emigr\u0101cija p\u0101rtrauca \u0161o trad\u012bciju. 2010. gad\u0101 Ik\u0161\u0137iles kult\u016bras biedr\u012bba atjaunoja \u0161o sv\u0113tku veido\u0161anas trad\u012bciju, p\u0113d\u0113jo gadu laik\u0101 \u201eDaugavas sv\u0113tkos\u201d pas\u0101kuma apmekl\u0113t\u0101jus priec\u0113ju\u0161i t\u0101di m\u0101kslinieki un person\u012bbas k\u0101 J\u0101nis Peters, J\u0101nis Pauk\u0161tello, Latvijas Nacion\u0101l\u0101s operas galvenais diri\u0123ents M\u0101rti\u0146\u0161 Ozoli\u0146\u0161 ar kori \u201eSonore\u201d, Edgars V\u012btols ar kori \u201eAura\u201d, tautas deju ansamblis \u201eRota\u013ca\u201d un daudzi citi. \u0160obr\u012bd Ik\u0161\u0137iles Kult\u016bras biedr\u012bba ir vien\u012bg\u0101 organiz\u0101cija, kas novada kult\u016bras pas\u0101kumu kontekst\u0101 pied\u0101v\u0101 \u0161\u0101da veida kult\u016brv\u0113sturisk\u0101 mantojuma trad\u012bciju pas\u0101kumu.<\/p>\n<p>Bi\u013cetes b\u016bs iesp\u0113jams ieg\u0101d\u0101ties pas\u0101kuma dien\u0101 pie Ik\u0161\u0137iles Tautas nama un pirms pas\u0101kuma s\u0101kuma pie ieejas Ik\u0161\u0137iles br\u012bvdabas estr\u0101d\u0113, ieejas maksa \u2013 EUR 4; pension\u0101riem EUR 2; b\u0113rniem l\u012bdz 10 gadiem \u2013 ieeja br\u012bva.<\/p>\n<p>Pas\u0101kumu organiz\u0113 sabiedrisk\u0101 labuma organiz\u0101cija \u201eIk\u0161\u0137iles Kult\u016bras biedr\u012bba\u201d. \u201eDaugavas sv\u0113tki 2014\u201d tapu\u0161i pateicoties Ik\u0161\u0137iles novada pa\u0161vald\u012bbas, SIA \u201eTieto Latvia\u201d, SIA\u201eMRK\u201d, SIA \u201eFittero\u201d, SIA \u201eABC Partneris\u201d, SIA \u201eSula\u201d, SIA \u201eLDZ infrastrukt\u016bra\u201d un SIA \u201ePure chocolate\u201d atbalstam.<\/p>\n<p>&nbsp;<\/p>\n<p>Inform\u0101ciju sagatavoja:<\/p>\n<p>Lelde S\u0101mite<\/p>\n<p>Biedr\u012bbas \u201eIk\u0161\u0137iles kult\u016bras biedr\u012bba\u201d vad\u012bt\u0101ja<\/p>\n<p>T\u0101lr. 26407782<\/p>\n<p>e-pasts: leldesamite@inbox.lv<\/p>\n<p>Vair\u0101k inform\u0101cijas: https:\/\/www.kulturasbiedriba.lv\/<\/p>\n","protected":false},"excerpt":{"rendered":"<p>\u00a0 5.\u00a0 j\u016blij\u0101 Ik\u0161\u0137il\u0113 notiks tradicion\u0101lie \u201eDaugavas sv\u0113tki\u201d 5. j\u016blij\u0101 Ik\u0161\u0137il\u0113 ar diri\u0123enta Inta Teterovska un Nacion\u0101l\u0101 te\u0101tra izr\u0101d\u0113 \u201eLatgola.lv\u201d sp\u0113l\u0113jo\u0161o aktieru piedal\u012b\u0161anos tiks atz\u012bm\u0113ti tradicion\u0101lie \u201eDaugavas sv\u0113tki\u201d. Ik\u0161\u0137iles kult\u016bras biedr\u012bbas organiz\u0113tais pas\u0101kums \u0161ogad tiks atz\u012bm\u0113ts ar v\u0113rien\u012bgu sv\u0113tku koncertu&hellip;<\/p>\n<p class=\"more-link-p\"><a class=\"more-link\" href=\"https:\/\/www.kulturasbiedriba.lv\/?p=449\">Read more &rarr;<\/a><\/p>\n","protected":false},"author":1,"featured_media":0,"comment_status":"closed","ping_status":"closed","sticky":false,"template":"","format":"standard","meta":{"footnotes":""},"categories":[1],"tags":[],"class_list":["post-449","post","type-post","status-publish","format-standard","hentry","category-bez-kategorijas"],"_links":{"self":[{"href":"https:\/\/www.kulturasbiedriba.lv\/index.php?rest_route=\/wp\/v2\/posts\/449","targetHints":{"allow":["GET"]}}],"collection":[{"href":"https:\/\/www.kulturasbiedriba.lv\/index.php?rest_route=\/wp\/v2\/posts"}],"about":[{"href":"https:\/\/www.kulturasbiedriba.lv\/index.php?rest_route=\/wp\/v2\/types\/post"}],"author":[{"embeddable":true,"href":"https:\/\/www.kulturasbiedriba.lv\/index.php?rest_route=\/wp\/v2\/users\/1"}],"replies":[{"embeddable":true,"href":"https:\/\/www.kulturasbiedriba.lv\/index.php?rest_route=%2Fwp%2Fv2%2Fcomments&post=449"}],"version-history":[{"count":4,"href":"https:\/\/www.kulturasbiedriba.lv\/index.php?rest_route=\/wp\/v2\/posts\/449\/revisions"}],"predecessor-version":[{"id":458,"href":"https:\/\/www.kulturasbiedriba.lv\/index.php?rest_route=\/wp\/v2\/posts\/449\/revisions\/458"}],"wp:attachment":[{"href":"https:\/\/www.kulturasbiedriba.lv\/index.php?rest_route=%2Fwp%2Fv2%2Fmedia&parent=449"}],"wp:term":[{"taxonomy":"category","embeddable":true,"href":"https:\/\/www.kulturasbiedriba.lv\/index.php?rest_route=%2Fwp%2Fv2%2Fcategories&post=449"},{"taxonomy":"post_tag","embeddable":true,"href":"https:\/\/www.kulturasbiedriba.lv\/index.php?rest_route=%2Fwp%2Fv2%2Ftags&post=449"}],"curies":[{"name":"wp","href":"https:\/\/api.w.org\/{rel}","templated":true}]}}