{"id":432,"date":"2014-02-17T21:54:01","date_gmt":"2014-02-17T18:54:01","guid":{"rendered":"http:\/\/www.kulturasbiedriba.lv\/?p=432"},"modified":"2014-02-17T21:54:01","modified_gmt":"2014-02-17T18:54:01","slug":"izrade-jaunais-tetis-bus-ikskile-22-marta","status":"publish","type":"post","link":"https:\/\/www.kulturasbiedriba.lv\/?p=432","title":{"rendered":"Izr\u0101de &#8220;Jaunais T\u0113tis&#8221; b\u016bs Ik\u0161\u0137il\u0113 22.mart\u0101"},"content":{"rendered":"<p align=\"right\">\n<p align=\"right\"><a href=\"https:\/\/www.kulturasbiedriba.lv\/wp-content\/uploads\/2014\/02\/jaunais-tetis.jpg\"><img loading=\"lazy\" decoding=\"async\" class=\"alignleft size-large wp-image-426\" alt=\"jaunais tetis\" src=\"https:\/\/www.kulturasbiedriba.lv\/wp-content\/uploads\/2014\/02\/jaunais-tetis-2048x1152.jpg\" width=\"860\" height=\"483\" srcset=\"https:\/\/www.kulturasbiedriba.lv\/wp-content\/uploads\/2014\/02\/jaunais-tetis-2048x1152.jpg 2048w, https:\/\/www.kulturasbiedriba.lv\/wp-content\/uploads\/2014\/02\/jaunais-tetis-300x168.jpg 300w\" sizes=\"auto, (max-width: 860px) 100vw, 860px\" \/><\/a><\/p>\n<p><b>\u00a0<\/b><\/p>\n<p align=\"center\"><b>\u00a0<\/b><\/p>\n<p align=\"center\"><b>Te\u0101tra sv\u0113tkos Ik\u0161\u0137il\u0113 viesosies\u201c Jaunais T\u0112TIS \u201d ar Ain\u0101ru An\u010devski <\/b><\/p>\n<p><b>\u00a0<\/b><\/p>\n<p><b><i>\u00a0\u00a0\u00a0\u00a0\u00a0\u00a0\u00a0\u00a0\u00a0\u00a0\u00a0 Iesp\u0113jams, daudzi skat\u012bt\u0101ji atceras pirms vair\u0101kiem gadiem iestud\u0113to izr\u0101\u017eu apvien\u012bbas \u201cPanna\u201d izr\u0101di \u2013 humorpilno p\u0113t\u012bjumu par v\u012brie\u0161a b\u016bt\u012bbu &#8211; \u201cT\u0113tis\u201d ar Ain\u0101ru An\u010devski galvenaj\u0101 lom\u0101. Izr\u0101de ar lieliem pan\u0101kumiem bija skat\u0101ma gandr\u012bz vis\u0101s Latvijas pils\u0113t\u0101s. Pa \u0161o laiku ir izaudzis gan izr\u0101d\u0113 att\u0113lotais mazulis, gan pats \u201ct\u0113tis\u201d, t\u0101d\u0113\u013c 22. mart\u0101 Ik\u0161\u0137iles skat\u012bt\u0101jiem tiks pied\u0101v\u0101ta izr\u0101de \u2013 humorpilns st\u0101sts par b\u0113rna lomu t\u0113va izgl\u012bto\u0161an\u0101, jeb\u00a0 stand-up kom\u0113dija &#8211; \u201cJaunais T\u0112TIS\u201d.<\/i><\/b><\/p>\n<p><b><i>\u00a0<\/i><\/b><\/p>\n<p>Jau otro gadu Latvij\u0101 tiek svin\u0113ta <i>T\u0113vu diena<\/i>, kas nu iek\u013cauta svinamo dienu sarakst\u0101. V\u0113l nesen\u0101 pag\u0101tn\u0113 t\u0113va loma b\u0113rnu audzin\u0101\u0161an\u0101 bija visai otr\u0161\u0137ir\u012bga, jo galven\u0101s r\u016bpes par mazu\u013ca n\u0101k\u0161anu pasaul\u0113 p\u0101rsvar\u0101 uz\u0146\u0113m\u0101s jaun\u0101s m\u0101mi\u0146as. Kas ir main\u012bjies? Vai jaunie t\u0113ti ir k\u013cuvu\u0161i apzin\u012bg\u0101ki, bet varb\u016bt par t\u0101diem k\u013c\u016bt vi\u0146us iem\u0101c\u012bju\u0161i pa\u0161u mazu\u013ci?<\/p>\n<p>Izr\u0101des veidot\u0101ji\u00a0 &#8211; aktieris <b>Ain\u0101rs An\u010devskis<\/b> un re\u017eisors <b>Juris Rijnieks\u00a0 <\/b>pied\u0101v\u0101 aspr\u0101t\u012bgu un sirsn\u012bgu st\u0101stu par v\u012brie\u0161a p\u0101rdom\u0101m laik\u0101, kad mazais cilv\u0113ci\u0146\u0161 ir gatavs doties t\u0101l\u0101k &#8211; uz skolu. Izr\u0101de jautr\u0101 un aspr\u0101t\u012bg\u0101 veid\u0101 liek atcer\u0113ties un dal\u012bties p\u0101rdom\u0101s par laiku no mazu\u013ca n\u0101k\u0161anas pasaul\u0113 l\u012bdz maz\u0101 d\u0113l\u0113na pirmaj\u0101m un turpm\u0101kaj\u0101m skolas gait\u0101m.<\/p>\n<p>Skat\u012bt\u0101ji, kuri ir redz\u0113ju\u0161i izr\u0101di \u201cT\u0113tis\u201d, b\u016bs priec\u012bgi uzzin\u0101t kas jauno t\u0113ti sagaida t\u0101l\u0101k &#8211;\u00a0 po\u0161oties skolai, bet tie, kuri \u201cT\u0113ta\u201d pirmo da\u013cu nav redz\u0113ju\u0161i, kop\u0101 ar Ain\u0101ru An\u010devski var\u0113s izdz\u012bvot visu saj\u016btu un p\u0101rdz\u012bvojumu spektru, kas sagaida, apzinoties, ka visu turpm\u0101ko dz\u012bvi b\u016bsi un paliksi T\u0112TIS.<\/p>\n<p>&nbsp;<\/p>\n<p><b>Izr\u0101de b\u016bs skat\u0101ma Ik\u0161\u0137iles tautas nam\u0101 22. mart\u0101 plkst. 19:00<\/b><\/p>\n<p><b>Bi\u013cetes iepriek\u0161p\u0101rdo\u0161an\u0101 Eur 6,-<\/b><\/p>\n<p><b>Izr\u0101des dien\u0101 Eur 7,-<\/b><\/p>\n<p>Inform\u0101cija:<\/p>\n<p>Izr\u0101\u017eu apvien\u012bba \u201c Panna\u201d<\/p>\n<p><a href=\"http:\/\/www.pannasteatris.lv\/\">www.pannasteatris.lv<\/a><\/p>\n<p><a href=\"mailto:panna@pannasteatris.lv\">panna@pannasteatris.lv<\/a><\/p>\n<p><a href=\"https:\/\/www.kulturasbiedriba.lv\">www.kulturasbiedriba.lv<\/a><\/p>\n","protected":false},"excerpt":{"rendered":"<p>\u00a0 \u00a0 Te\u0101tra sv\u0113tkos Ik\u0161\u0137il\u0113 viesosies\u201c Jaunais T\u0112TIS \u201d ar Ain\u0101ru An\u010devski \u00a0 \u00a0\u00a0\u00a0\u00a0\u00a0\u00a0\u00a0\u00a0\u00a0\u00a0\u00a0 Iesp\u0113jams, daudzi skat\u012bt\u0101ji atceras pirms vair\u0101kiem gadiem iestud\u0113to izr\u0101\u017eu apvien\u012bbas \u201cPanna\u201d izr\u0101di \u2013 humorpilno p\u0113t\u012bjumu par v\u012brie\u0161a b\u016bt\u012bbu &#8211; \u201cT\u0113tis\u201d ar Ain\u0101ru An\u010devski galvenaj\u0101 lom\u0101. Izr\u0101de&hellip;<\/p>\n<p class=\"more-link-p\"><a class=\"more-link\" href=\"https:\/\/www.kulturasbiedriba.lv\/?p=432\">Read more &rarr;<\/a><\/p>\n","protected":false},"author":1,"featured_media":0,"comment_status":"closed","ping_status":"closed","sticky":false,"template":"","format":"standard","meta":{"footnotes":""},"categories":[1],"tags":[],"class_list":["post-432","post","type-post","status-publish","format-standard","hentry","category-bez-kategorijas"],"_links":{"self":[{"href":"https:\/\/www.kulturasbiedriba.lv\/index.php?rest_route=\/wp\/v2\/posts\/432","targetHints":{"allow":["GET"]}}],"collection":[{"href":"https:\/\/www.kulturasbiedriba.lv\/index.php?rest_route=\/wp\/v2\/posts"}],"about":[{"href":"https:\/\/www.kulturasbiedriba.lv\/index.php?rest_route=\/wp\/v2\/types\/post"}],"author":[{"embeddable":true,"href":"https:\/\/www.kulturasbiedriba.lv\/index.php?rest_route=\/wp\/v2\/users\/1"}],"replies":[{"embeddable":true,"href":"https:\/\/www.kulturasbiedriba.lv\/index.php?rest_route=%2Fwp%2Fv2%2Fcomments&post=432"}],"version-history":[{"count":2,"href":"https:\/\/www.kulturasbiedriba.lv\/index.php?rest_route=\/wp\/v2\/posts\/432\/revisions"}],"predecessor-version":[{"id":434,"href":"https:\/\/www.kulturasbiedriba.lv\/index.php?rest_route=\/wp\/v2\/posts\/432\/revisions\/434"}],"wp:attachment":[{"href":"https:\/\/www.kulturasbiedriba.lv\/index.php?rest_route=%2Fwp%2Fv2%2Fmedia&parent=432"}],"wp:term":[{"taxonomy":"category","embeddable":true,"href":"https:\/\/www.kulturasbiedriba.lv\/index.php?rest_route=%2Fwp%2Fv2%2Fcategories&post=432"},{"taxonomy":"post_tag","embeddable":true,"href":"https:\/\/www.kulturasbiedriba.lv\/index.php?rest_route=%2Fwp%2Fv2%2Ftags&post=432"}],"curies":[{"name":"wp","href":"https:\/\/api.w.org\/{rel}","templated":true}]}}