{"id":1113,"date":"2024-08-12T23:37:02","date_gmt":"2024-08-12T20:37:02","guid":{"rendered":"http:\/\/www.kulturasbiedriba.lv\/?p=1113"},"modified":"2024-08-12T23:37:02","modified_gmt":"2024-08-12T20:37:02","slug":"izstade-viens-no-mums-vestures-liecinieks","status":"publish","type":"post","link":"https:\/\/www.kulturasbiedriba.lv\/?p=1113","title":{"rendered":"IZST\u0100DE \u201cVIENS NO MUMS \u2013 V\u0112STURES LIECINIEKS\u201d"},"content":{"rendered":"<p>No 2024. gada 03. \u2013 13. septembrim Ik\u0161\u0137iles Tautas nama z\u0101l\u0113 (Centra laukums 2, Ik\u0161\u0137ile) \u00a0un no 18. \u2013 29.septembrim T\u012bn\u016b\u017eu Tautas nam\u0101 (&#8220;Kraujas&#8221;, T\u012bn\u016b\u017ei) b\u016bs apskat\u0101ma Ik\u0161\u0137iles Kult\u016bras biedr\u012bbas veidot\u0101\u00a0 izst\u0101de \u201cViens no mums \u2013 v\u0113stures liecinieks\u201d.<\/p>\n<p>Izst\u0101de velt\u012bta Robertam Jansonam (11.04.1929. \u2013 21.06.2019.), Goda ik\u0161\u0137ilietim, novadp\u0113tniekam, gr\u0101matas \u201dKomunistu re\u017e\u012bmam nepak\u013c\u0101v\u012bgie Liep\u0101jas z\u0113ni\u201d autoram, v\u0113sturisk\u0101 mantojuma apkopot\u0101jam un glab\u0101t\u0101jam. Ar cie\u0146u atcer\u0113simies \u00a0Roberta Jansona dz\u012bves pieredzi, kas laika gait\u0101 r\u016bp\u012bgi pierakst\u012bta \u00a0&#8211; gr\u016bt\u0101 b\u0113rn\u012bba Otr\u0101 pasaules kara laik\u0101, jaun\u012bba ar akt\u012bvu, organiz\u0113tu preto\u0161anos Sta\u013cina re\u017e\u012bmam, izs\u016bt\u012bjums uz Sib\u012briju un atgrie\u0161an\u0101s Latvij\u0101.<\/p>\n<p>Uz Ik\u0161\u0137ili Roberts Jansons p\u0101rc\u0113l\u0101s 1957.gad\u0101 un dr\u012bz vien nodibin\u0101ja \u0123imeni, akt\u012bvi iesaist\u012bj\u0101s kult\u016bras dz\u012bv\u0113, darboj\u0101s k\u0101 fotoreportieris, bija viens no Ik\u0161\u0137iles estr\u0101des b\u016bvniec\u012bbas idejas atbalst\u012bt\u0101jiem, piedal\u012bj\u0101s Atmodas laika aktivit\u0101t\u0113s, apkopoja un dokument\u0113ja vair\u0101ku ik\u0161\u0137ilie\u0161u dz\u012bves g\u0101jumu. Roberta Jansona izveidotais foto materi\u0101lu kr\u0101jums ir v\u0113rt\u012bgs v\u0113sturisks un lok\u0101ls mantojums.<\/p>\n<p>Izst\u0101de veidota, atz\u012bm\u0113jot Roberta Jansona 95. dzim\u0161anas dienu, iepaz\u012bstinot ik\u0161\u0137ilie\u0161us un ikvienu interesentu ar\u00a0 Roberta Jansona\u00a0 person\u012bbu, v\u0113sturiskaj\u0101m fotogr\u0101fij\u0101m. Izst\u0101des saturu papildin\u0101s fotogr\u0101fij\u0101m, laikmetam un fotograf\u0113\u0161anas m\u0101kslai pietuvin\u0101ta vide un aktivit\u0101tes.<\/p>\n<p><b>Izst\u0101des atkl\u0101\u0161ana \u2013 Ik\u0161\u0137iles Tautas nam\u0101 02.09.2024. plkst. 19.00<\/b><\/p>\n<p><b>Izst\u0101de atv\u0113rta apmekl\u0113t\u0101jiem Ik\u0161\u0137iles Tautas nam\u0101 \u00a0no 03.09. \u2013 13.09.2024. <\/b><\/p>\n<p><i>\u00a0Pirmdien\u0101s, otrdien\u0101s, piektdien\u0101s<\/i>\u00a0 \u2013 no plkst. 10.00 -15.00,<\/p>\n<p><i>\u00a0Tre\u0161dien\u0101s, ceturtdien\u0101s &#8211; <\/i>no plkst. 16.00 &#8211; 19.00,<\/p>\n<p><i>Sv\u0113tdien 08.09.2024.<\/i> no plkst. 12.00 &#8211; 17.00<\/p>\n<p><b>T\u012bn\u016b\u017eu Tautas nam\u0101<\/b> <b>\u00a0no\u00a0 18.09. \u2013 29.09.2024<\/b>.<\/p>\n<p><i>Darba dien\u0101s <\/i>no plkst. 10.00 \u2013 18.00<\/p>\n<p><i>Sestdien\u0101s, sv\u0113tdien\u0101s <\/i>no plkst. 12.00 \u2013 16.00<\/p>\n<p>Izst\u0101des apmekl\u0113jums \u2013 bez maksas.<\/p>\n<p>Izst\u0101de \u012bstenota projekta konkursa \u201cR. A. D. I. \u2013 Ogres novadam\u201d ietvaros, finans\u0113t\u0101js \u2013 Ogres novada pa\u0161vald\u012bba. Sadarb\u012bbas partneris un atbalst\u012bt\u0101js \u2013 Ik\u0161\u0137iles Tautas nams, Ik\u0161\u0137iles pils\u0113tas bibliot\u0113ka.<\/p>\n<p>&nbsp;<\/p>\n<p>Izst\u0101des koordinators \u2013 Lelde S\u0101mite, Ik\u0161\u0137iles Kult\u016bras biedr\u012bba<img loading=\"lazy\" decoding=\"async\" class=\"alignnone size-full wp-image-1114\" alt=\"T\u012bnu\u017eu kulturas nam\u0101\" src=\"https:\/\/www.kulturasbiedriba.lv\/wp-content\/uploads\/2024\/08\/PHOTO-2024-08-11-22-37-58.jpg\" width=\"1447\" height=\"2048\" srcset=\"https:\/\/www.kulturasbiedriba.lv\/wp-content\/uploads\/2024\/08\/PHOTO-2024-08-11-22-37-58.jpg 1447w, https:\/\/www.kulturasbiedriba.lv\/wp-content\/uploads\/2024\/08\/PHOTO-2024-08-11-22-37-58-211x300.jpg 211w\" sizes=\"auto, (max-width: 1447px) 100vw, 1447px\" \/> <img loading=\"lazy\" decoding=\"async\" class=\"alignnone size-full wp-image-1115\" alt=\"Ik\u0161\u0137iles kult\u016bras nam\u0101\" src=\"https:\/\/www.kulturasbiedriba.lv\/wp-content\/uploads\/2024\/08\/PHOTO-2024-08-11-22-38-48.jpg\" width=\"1447\" height=\"2048\" srcset=\"https:\/\/www.kulturasbiedriba.lv\/wp-content\/uploads\/2024\/08\/PHOTO-2024-08-11-22-38-48.jpg 1447w, https:\/\/www.kulturasbiedriba.lv\/wp-content\/uploads\/2024\/08\/PHOTO-2024-08-11-22-38-48-211x300.jpg 211w\" sizes=\"auto, (max-width: 1447px) 100vw, 1447px\" \/><\/p>\n","protected":false},"excerpt":{"rendered":"<p>No 2024. gada 03. \u2013 13. septembrim Ik\u0161\u0137iles Tautas nama z\u0101l\u0113 (Centra laukums 2, Ik\u0161\u0137ile) \u00a0un no 18. \u2013 29.septembrim T\u012bn\u016b\u017eu Tautas nam\u0101 (&#8220;Kraujas&#8221;, T\u012bn\u016b\u017ei) b\u016bs apskat\u0101ma Ik\u0161\u0137iles Kult\u016bras biedr\u012bbas veidot\u0101\u00a0 izst\u0101de \u201cViens no mums \u2013 v\u0113stures liecinieks\u201d. Izst\u0101de velt\u012bta&hellip;<\/p>\n<p class=\"more-link-p\"><a class=\"more-link\" href=\"https:\/\/www.kulturasbiedriba.lv\/?p=1113\">Read more &rarr;<\/a><\/p>\n","protected":false},"author":1,"featured_media":0,"comment_status":"closed","ping_status":"closed","sticky":false,"template":"","format":"standard","meta":{"footnotes":""},"categories":[1],"tags":[],"class_list":["post-1113","post","type-post","status-publish","format-standard","hentry","category-bez-kategorijas"],"_links":{"self":[{"href":"https:\/\/www.kulturasbiedriba.lv\/index.php?rest_route=\/wp\/v2\/posts\/1113","targetHints":{"allow":["GET"]}}],"collection":[{"href":"https:\/\/www.kulturasbiedriba.lv\/index.php?rest_route=\/wp\/v2\/posts"}],"about":[{"href":"https:\/\/www.kulturasbiedriba.lv\/index.php?rest_route=\/wp\/v2\/types\/post"}],"author":[{"embeddable":true,"href":"https:\/\/www.kulturasbiedriba.lv\/index.php?rest_route=\/wp\/v2\/users\/1"}],"replies":[{"embeddable":true,"href":"https:\/\/www.kulturasbiedriba.lv\/index.php?rest_route=%2Fwp%2Fv2%2Fcomments&post=1113"}],"version-history":[{"count":3,"href":"https:\/\/www.kulturasbiedriba.lv\/index.php?rest_route=\/wp\/v2\/posts\/1113\/revisions"}],"predecessor-version":[{"id":1118,"href":"https:\/\/www.kulturasbiedriba.lv\/index.php?rest_route=\/wp\/v2\/posts\/1113\/revisions\/1118"}],"wp:attachment":[{"href":"https:\/\/www.kulturasbiedriba.lv\/index.php?rest_route=%2Fwp%2Fv2%2Fmedia&parent=1113"}],"wp:term":[{"taxonomy":"category","embeddable":true,"href":"https:\/\/www.kulturasbiedriba.lv\/index.php?rest_route=%2Fwp%2Fv2%2Fcategories&post=1113"},{"taxonomy":"post_tag","embeddable":true,"href":"https:\/\/www.kulturasbiedriba.lv\/index.php?rest_route=%2Fwp%2Fv2%2Ftags&post=1113"}],"curies":[{"name":"wp","href":"https:\/\/api.w.org\/{rel}","templated":true}]}}